{"id":865,"date":"2011-11-20T09:49:00","date_gmt":"2011-11-20T09:49:00","guid":{"rendered":"https:\/\/marcellinbarthassat.ch\/?p=865"},"modified":"2026-05-21T14:41:44","modified_gmt":"2026-05-21T14:41:44","slug":"hello-world-6-2-2-2-2-2-2-2-2-7-6-14-20","status":"publish","type":"post","link":"https:\/\/marcellinbarthassat.ch\/index.php\/2011\/11\/20\/hello-world-6-2-2-2-2-2-2-2-2-7-6-14-20\/","title":{"rendered":"Gen\u00e8ve-r\u00e9gion \u00e0 la dimension franco-suisse."},"content":{"rendered":"\n<p class=\"wp-block-paragraph\"><a href=\"https:\/\/marcellinbarthassat.ch\/wp-content\/uploads\/2025\/11\/ecrits_revues_20.pdf\">Barthassat, M. Surchat-Vial, N.<\/a><\/p>\n\n\n\n<p class=\"wp-block-paragraph\">In revue Patrimoine \/ Heimatschutz 1\/2010 (p.14-19). Zurich : \u00e9ditions Patrimoine suisse.<\/p>\n\n\n\n<p class=\"wp-block-paragraph\"><\/p>\n\n\n\n<p class=\"wp-block-paragraph\"><\/p>\n","protected":false},"excerpt":{"rendered":"<p>Barthassat, M. Surchat-Vial, N. In revue Patrimoine \/ Heimatschutz 1\/2010 (p.14-19). Zurich : \u00e9ditions Patrimoine suisse.<\/p>\n","protected":false},"author":1,"featured_media":1534,"comment_status":"open","ping_status":"open","sticky":false,"template":"","format":"standard","meta":{"footnotes":""},"categories":[20],"tags":[],"class_list":["post-865","post","type-post","status-publish","format-standard","has-post-thumbnail","hentry","category-ecrits-revues"],"_links":{"self":[{"href":"https:\/\/marcellinbarthassat.ch\/index.php\/wp-json\/wp\/v2\/posts\/865","targetHints":{"allow":["GET"]}}],"collection":[{"href":"https:\/\/marcellinbarthassat.ch\/index.php\/wp-json\/wp\/v2\/posts"}],"about":[{"href":"https:\/\/marcellinbarthassat.ch\/index.php\/wp-json\/wp\/v2\/types\/post"}],"author":[{"embeddable":true,"href":"https:\/\/marcellinbarthassat.ch\/index.php\/wp-json\/wp\/v2\/users\/1"}],"replies":[{"embeddable":true,"href":"https:\/\/marcellinbarthassat.ch\/index.php\/wp-json\/wp\/v2\/comments?post=865"}],"version-history":[{"count":3,"href":"https:\/\/marcellinbarthassat.ch\/index.php\/wp-json\/wp\/v2\/posts\/865\/revisions"}],"predecessor-version":[{"id":1535,"href":"https:\/\/marcellinbarthassat.ch\/index.php\/wp-json\/wp\/v2\/posts\/865\/revisions\/1535"}],"wp:featuredmedia":[{"embeddable":true,"href":"https:\/\/marcellinbarthassat.ch\/index.php\/wp-json\/wp\/v2\/media\/1534"}],"wp:attachment":[{"href":"https:\/\/marcellinbarthassat.ch\/index.php\/wp-json\/wp\/v2\/media?parent=865"}],"wp:term":[{"taxonomy":"category","embeddable":true,"href":"https:\/\/marcellinbarthassat.ch\/index.php\/wp-json\/wp\/v2\/categories?post=865"},{"taxonomy":"post_tag","embeddable":true,"href":"https:\/\/marcellinbarthassat.ch\/index.php\/wp-json\/wp\/v2\/tags?post=865"}],"curies":[{"name":"wp","href":"https:\/\/api.w.org\/{rel}","templated":true}]}}