{"id":749,"date":"2012-11-20T08:56:00","date_gmt":"2012-11-20T08:56:00","guid":{"rendered":"https:\/\/marcellinbarthassat.ch\/?p=749"},"modified":"2025-11-20T14:22:15","modified_gmt":"2025-11-20T14:22:15","slug":"hello-world-6-2-2-2-2-2-2-2-2-7-4","status":"publish","type":"post","link":"https:\/\/marcellinbarthassat.ch\/index.php\/2012\/11\/20\/hello-world-6-2-2-2-2-2-2-2-2-7-4\/","title":{"rendered":"Projet de paysage 2012. In Cahier 13-8 du projet d&rsquo;agglom\u00e9ration franco-valdo-genevoise."},"content":{"rendered":"\n<p class=\"wp-block-paragraph\"><a href=\"https:\/\/marcellinbarthassat.ch\/wp-content\/uploads\/2025\/11\/7.pdf\">Barthassat, M., Osselin, V., Gil, A., D\u00e9riaz, G., Hiribarrondo, P., Bussy-Blunier, T. et Daune, L.<\/a><\/p>\n\n\n\n<p class=\"wp-block-paragraph\">Ouvrage collectif : atelier ar-ter, acade, FRAPNA, HEPIA. Gen\u00e8ve : \u00e9ditions Grand Gen\u00e8ve.<br><\/p>\n\n\n\n<p class=\"wp-block-paragraph\"><\/p>\n\n\n\n<p class=\"wp-block-paragraph\"><\/p>\n","protected":false},"excerpt":{"rendered":"<p>Barthassat, M., Osselin, V., Gil, A., D\u00e9riaz, G., Hiribarrondo, P., Bussy-Blunier, T. et Daune, L. Ouvrage collectif : atelier ar-ter, acade, FRAPNA, HEPIA. Gen\u00e8ve : \u00e9ditions Grand Gen\u00e8ve.<\/p>\n","protected":false},"author":1,"featured_media":735,"comment_status":"open","ping_status":"open","sticky":false,"template":"","format":"standard","meta":{"footnotes":""},"categories":[18],"tags":[],"class_list":["post-749","post","type-post","status-publish","format-standard","has-post-thumbnail","hentry","category-livres-editions"],"_links":{"self":[{"href":"https:\/\/marcellinbarthassat.ch\/index.php\/wp-json\/wp\/v2\/posts\/749","targetHints":{"allow":["GET"]}}],"collection":[{"href":"https:\/\/marcellinbarthassat.ch\/index.php\/wp-json\/wp\/v2\/posts"}],"about":[{"href":"https:\/\/marcellinbarthassat.ch\/index.php\/wp-json\/wp\/v2\/types\/post"}],"author":[{"embeddable":true,"href":"https:\/\/marcellinbarthassat.ch\/index.php\/wp-json\/wp\/v2\/users\/1"}],"replies":[{"embeddable":true,"href":"https:\/\/marcellinbarthassat.ch\/index.php\/wp-json\/wp\/v2\/comments?post=749"}],"version-history":[{"count":2,"href":"https:\/\/marcellinbarthassat.ch\/index.php\/wp-json\/wp\/v2\/posts\/749\/revisions"}],"predecessor-version":[{"id":990,"href":"https:\/\/marcellinbarthassat.ch\/index.php\/wp-json\/wp\/v2\/posts\/749\/revisions\/990"}],"wp:featuredmedia":[{"embeddable":true,"href":"https:\/\/marcellinbarthassat.ch\/index.php\/wp-json\/wp\/v2\/media\/735"}],"wp:attachment":[{"href":"https:\/\/marcellinbarthassat.ch\/index.php\/wp-json\/wp\/v2\/media?parent=749"}],"wp:term":[{"taxonomy":"category","embeddable":true,"href":"https:\/\/marcellinbarthassat.ch\/index.php\/wp-json\/wp\/v2\/categories?post=749"},{"taxonomy":"post_tag","embeddable":true,"href":"https:\/\/marcellinbarthassat.ch\/index.php\/wp-json\/wp\/v2\/tags?post=749"}],"curies":[{"name":"wp","href":"https:\/\/api.w.org\/{rel}","templated":true}]}}