{"id":699,"date":"2012-11-19T16:01:00","date_gmt":"2012-11-19T16:01:00","guid":{"rendered":"https:\/\/marcellinbarthassat.ch\/?p=699"},"modified":"2025-11-19T16:02:43","modified_gmt":"2025-11-19T16:02:43","slug":"hello-world-6-2-3","status":"publish","type":"post","link":"https:\/\/marcellinbarthassat.ch\/index.php\/2012\/11\/19\/hello-world-6-2-3\/","title":{"rendered":"Entretien \u00e0 l&rsquo;essai&#8230; sur le v\u00e9cu de la montagne et de l&rsquo;architecture."},"content":{"rendered":"\n<p class=\"wp-block-paragraph\"><a href=\"https:\/\/www.lemanbleu.ch\/replay\/video.html?VideoID=42163\">L\u00e9man Bleu : Gen\u00e8ve \u00e0 Chaud, Pascal D\u00e9caillet. Invit\u00e9 Marcellin Barthassat, autour de deux livres : Entre Terre et Eaux (Haute-Seymaz), \u00e9ditions infolio (2019), La Montagne, collection Les Carnets du paysage, \u00e9ditions Acte Sud\/ENSP (2012).<\/a><br><\/p>\n\n\n\n<p class=\"wp-block-paragraph\"><\/p>\n","protected":false},"excerpt":{"rendered":"<p>L\u00e9man Bleu : Gen\u00e8ve \u00e0 Chaud, Pascal D\u00e9caillet. Invit\u00e9 Marcellin Barthassat, autour de deux livres : Entre Terre et Eaux (Haute-Seymaz), \u00e9ditions infolio (2019), La Montagne, collection Les Carnets du paysage, \u00e9ditions Acte Sud\/ENSP (2012).<\/p>\n","protected":false},"author":1,"featured_media":674,"comment_status":"open","ping_status":"open","sticky":false,"template":"","format":"standard","meta":{"footnotes":""},"categories":[12],"tags":[],"class_list":["post-699","post","type-post","status-publish","format-standard","has-post-thumbnail","hentry","category-debatsinterviews"],"_links":{"self":[{"href":"https:\/\/marcellinbarthassat.ch\/index.php\/wp-json\/wp\/v2\/posts\/699","targetHints":{"allow":["GET"]}}],"collection":[{"href":"https:\/\/marcellinbarthassat.ch\/index.php\/wp-json\/wp\/v2\/posts"}],"about":[{"href":"https:\/\/marcellinbarthassat.ch\/index.php\/wp-json\/wp\/v2\/types\/post"}],"author":[{"embeddable":true,"href":"https:\/\/marcellinbarthassat.ch\/index.php\/wp-json\/wp\/v2\/users\/1"}],"replies":[{"embeddable":true,"href":"https:\/\/marcellinbarthassat.ch\/index.php\/wp-json\/wp\/v2\/comments?post=699"}],"version-history":[{"count":1,"href":"https:\/\/marcellinbarthassat.ch\/index.php\/wp-json\/wp\/v2\/posts\/699\/revisions"}],"predecessor-version":[{"id":700,"href":"https:\/\/marcellinbarthassat.ch\/index.php\/wp-json\/wp\/v2\/posts\/699\/revisions\/700"}],"wp:featuredmedia":[{"embeddable":true,"href":"https:\/\/marcellinbarthassat.ch\/index.php\/wp-json\/wp\/v2\/media\/674"}],"wp:attachment":[{"href":"https:\/\/marcellinbarthassat.ch\/index.php\/wp-json\/wp\/v2\/media?parent=699"}],"wp:term":[{"taxonomy":"category","embeddable":true,"href":"https:\/\/marcellinbarthassat.ch\/index.php\/wp-json\/wp\/v2\/categories?post=699"},{"taxonomy":"post_tag","embeddable":true,"href":"https:\/\/marcellinbarthassat.ch\/index.php\/wp-json\/wp\/v2\/tags?post=699"}],"curies":[{"name":"wp","href":"https:\/\/api.w.org\/{rel}","templated":true}]}}