{"id":697,"date":"2019-11-19T15:59:00","date_gmt":"2019-11-19T15:59:00","guid":{"rendered":"https:\/\/marcellinbarthassat.ch\/?p=697"},"modified":"2025-11-19T16:00:55","modified_gmt":"2025-11-19T16:00:55","slug":"hello-world-6-2-2-3","status":"publish","type":"post","link":"https:\/\/marcellinbarthassat.ch\/index.php\/2019\/11\/19\/hello-world-6-2-2-3\/","title":{"rendered":"Entre Terre et Ciel, la renaturation de la Haute-Seymaz."},"content":{"rendered":"\n<p class=\"wp-block-paragraph\"><a href=\"http:\/\/www.lemanbleu.ch\/replay\/video.html?VideoID=40130\">L\u00e9man Bleu : Gen\u00e8ve \u00e0 Chaud, Pascal D\u00e9caillet. Invit\u00e9 Marcellin Barthassat (d\u00e9cembre 2019).<\/a><a href=\"https:\/\/www.youtube.com\/watch?v=aQiPRQ_T53o\"><br><\/a><\/p>\n\n\n\n<p class=\"wp-block-paragraph\"><\/p>\n","protected":false},"excerpt":{"rendered":"<p>L\u00e9man Bleu : Gen\u00e8ve \u00e0 Chaud, Pascal D\u00e9caillet. Invit\u00e9 Marcellin Barthassat (d\u00e9cembre 2019).<\/p>\n","protected":false},"author":1,"featured_media":673,"comment_status":"open","ping_status":"open","sticky":false,"template":"","format":"standard","meta":{"footnotes":""},"categories":[12],"tags":[],"class_list":["post-697","post","type-post","status-publish","format-standard","has-post-thumbnail","hentry","category-debatsinterviews"],"_links":{"self":[{"href":"https:\/\/marcellinbarthassat.ch\/index.php\/wp-json\/wp\/v2\/posts\/697","targetHints":{"allow":["GET"]}}],"collection":[{"href":"https:\/\/marcellinbarthassat.ch\/index.php\/wp-json\/wp\/v2\/posts"}],"about":[{"href":"https:\/\/marcellinbarthassat.ch\/index.php\/wp-json\/wp\/v2\/types\/post"}],"author":[{"embeddable":true,"href":"https:\/\/marcellinbarthassat.ch\/index.php\/wp-json\/wp\/v2\/users\/1"}],"replies":[{"embeddable":true,"href":"https:\/\/marcellinbarthassat.ch\/index.php\/wp-json\/wp\/v2\/comments?post=697"}],"version-history":[{"count":1,"href":"https:\/\/marcellinbarthassat.ch\/index.php\/wp-json\/wp\/v2\/posts\/697\/revisions"}],"predecessor-version":[{"id":698,"href":"https:\/\/marcellinbarthassat.ch\/index.php\/wp-json\/wp\/v2\/posts\/697\/revisions\/698"}],"wp:featuredmedia":[{"embeddable":true,"href":"https:\/\/marcellinbarthassat.ch\/index.php\/wp-json\/wp\/v2\/media\/673"}],"wp:attachment":[{"href":"https:\/\/marcellinbarthassat.ch\/index.php\/wp-json\/wp\/v2\/media?parent=697"}],"wp:term":[{"taxonomy":"category","embeddable":true,"href":"https:\/\/marcellinbarthassat.ch\/index.php\/wp-json\/wp\/v2\/categories?post=697"},{"taxonomy":"post_tag","embeddable":true,"href":"https:\/\/marcellinbarthassat.ch\/index.php\/wp-json\/wp\/v2\/tags?post=697"}],"curies":[{"name":"wp","href":"https:\/\/api.w.org\/{rel}","templated":true}]}}