{"id":693,"date":"2020-11-19T15:56:00","date_gmt":"2020-11-19T15:56:00","guid":{"rendered":"https:\/\/marcellinbarthassat.ch\/?p=693"},"modified":"2025-11-19T15:58:42","modified_gmt":"2025-11-19T15:58:42","slug":"hello-world-6-2-2-2-2-3","status":"publish","type":"post","link":"https:\/\/marcellinbarthassat.ch\/index.php\/2020\/11\/19\/hello-world-6-2-2-2-2-3\/","title":{"rendered":"Interview sur la densit\u00e9 (d\u00e9sirable) et un urbanisme de qualit\u00e9"},"content":{"rendered":"\n<p class=\"wp-block-paragraph\">Avec <a href=\"https:\/\/www.linkedin.com\/pulse\/interview-n2-quelle-articulationlurbanisme-peut-il-de-informations\/\">Mich\u00e8le Tranda-Pittion<\/a>, sur l&rsquo;action politique face \u00e0 la priorit\u00e9 de l&rsquo;urgence climatique avec <a href=\"https:\/\/www.linkedin.com\/pulse\/interview-n1-votre-avis-nous-int%25C3%25A9resse-participez-au-informations\/\">Dominique Bourg<\/a>, (automne 2020).<br><\/p>\n\n\n\n<p class=\"wp-block-paragraph\"><\/p>\n","protected":false},"excerpt":{"rendered":"<p>Avec Mich\u00e8le Tranda-Pittion, sur l&rsquo;action politique face \u00e0 la priorit\u00e9 de l&rsquo;urgence climatique avec Dominique Bourg, (automne 2020).<\/p>\n","protected":false},"author":1,"featured_media":671,"comment_status":"open","ping_status":"open","sticky":false,"template":"","format":"standard","meta":{"footnotes":""},"categories":[12],"tags":[],"class_list":["post-693","post","type-post","status-publish","format-standard","has-post-thumbnail","hentry","category-debatsinterviews"],"_links":{"self":[{"href":"https:\/\/marcellinbarthassat.ch\/index.php\/wp-json\/wp\/v2\/posts\/693","targetHints":{"allow":["GET"]}}],"collection":[{"href":"https:\/\/marcellinbarthassat.ch\/index.php\/wp-json\/wp\/v2\/posts"}],"about":[{"href":"https:\/\/marcellinbarthassat.ch\/index.php\/wp-json\/wp\/v2\/types\/post"}],"author":[{"embeddable":true,"href":"https:\/\/marcellinbarthassat.ch\/index.php\/wp-json\/wp\/v2\/users\/1"}],"replies":[{"embeddable":true,"href":"https:\/\/marcellinbarthassat.ch\/index.php\/wp-json\/wp\/v2\/comments?post=693"}],"version-history":[{"count":1,"href":"https:\/\/marcellinbarthassat.ch\/index.php\/wp-json\/wp\/v2\/posts\/693\/revisions"}],"predecessor-version":[{"id":694,"href":"https:\/\/marcellinbarthassat.ch\/index.php\/wp-json\/wp\/v2\/posts\/693\/revisions\/694"}],"wp:featuredmedia":[{"embeddable":true,"href":"https:\/\/marcellinbarthassat.ch\/index.php\/wp-json\/wp\/v2\/media\/671"}],"wp:attachment":[{"href":"https:\/\/marcellinbarthassat.ch\/index.php\/wp-json\/wp\/v2\/media?parent=693"}],"wp:term":[{"taxonomy":"category","embeddable":true,"href":"https:\/\/marcellinbarthassat.ch\/index.php\/wp-json\/wp\/v2\/categories?post=693"},{"taxonomy":"post_tag","embeddable":true,"href":"https:\/\/marcellinbarthassat.ch\/index.php\/wp-json\/wp\/v2\/tags?post=693"}],"curies":[{"name":"wp","href":"https:\/\/api.w.org\/{rel}","templated":true}]}}